{"id":2588,"date":"2020-03-23T13:53:18","date_gmt":"2020-03-23T12:53:18","guid":{"rendered":"https:\/\/mar-blau.com\/?p=2588"},"modified":"2026-02-26T19:34:28","modified_gmt":"2026-02-26T18:34:28","slug":"meeres-reserve-der-bucht-von-palma","status":"publish","type":"post","link":"https:\/\/mar-blau.com\/de\/meeres-reserve-der-bucht-von-palma\/","title":{"rendered":"Meeres-Reserve der Bucht von Palma"},"content":{"rendered":"\n<p>Die Govern de les Balears f\u00f6rderte 1999 die Einrichtung von drei Meeresschutzgebieten und nahm damit ihre Verpflichtungen aus dem Protokoll \u00fcber die besonderen Schutzgebiete und die biologische Vielfalt des Mittelmeers vorweg (BOE Nr. 302, 18. Dezember 1999). Seitdem wird es mit der Beratung der \u00dcberwachungsaussch\u00fcsse von Gremien verwaltet, die sich aus Vertretern der \u00f6ffentlichen Verwaltung, Fischerverb\u00e4nden, Vereinigungen von Freizeitfischern, Segelvereinen, Naturschutzgruppen und anderen verwandten Gruppen zusammensetzen.<\/p>\n\n\n\n<p>Hier der Link: <a href=\"https:\/\/www.caib.es\/sites\/reservesmarines\/es\/las_reservas_marinas_en_las_illes_balears-850\/\">https:\/\/www.caib.es\/sites\/reservesmarines\/es\/las_reservas_marinas_en_las_illes_balears-850\/<\/a><\/p>\n","protected":false},"excerpt":{"rendered":"<p>Die Govern de les Balears f\u00f6rderte 1999 die Einrichtung von drei Meeresschutzgebieten und nahm damit ihre Verpflichtungen aus dem Protokoll \u00fcber die besonderen Schutzgebiete und die biologische Vielfalt des Mittelmeers vorweg (BOE Nr. 302, 18. Dezember 1999). Seitdem wird es mit der Beratung der \u00dcberwachungsaussch\u00fcsse von Gremien verwaltet, die sich aus Vertretern der \u00f6ffentlichen Verwaltung, &#8230; <a title=\"Meeres-Reserve der Bucht von Palma\" class=\"read-more\" href=\"https:\/\/mar-blau.com\/de\/meeres-reserve-der-bucht-von-palma\/\" aria-label=\"Mehr Informationen \u00fcber Meeres-Reserve der Bucht von Palma\">Weiterlesen<\/a><\/p>\n","protected":false},"author":1,"featured_media":2585,"comment_status":"closed","ping_status":"closed","sticky":false,"template":"","format":"standard","meta":{"_acf_changed":false,"_joinchat":[],"footnotes":"","jetpack_publicize_message":"","jetpack_publicize_feature_enabled":true,"jetpack_social_post_already_shared":false,"jetpack_social_options":{"image_generator_settings":{"template":"highway","default_image_id":0,"font":"","enabled":false},"version":2}},"categories":[24],"tags":[],"class_list":["post-2588","post","type-post","status-publish","format-standard","has-post-thumbnail","hentry","category-nicht-kategorisiert"],"acf":[],"yoast_head":"<!-- This site is optimized with the Yoast SEO plugin v27.3 - https:\/\/yoast.com\/product\/yoast-seo-wordpress\/ -->\n<title>Meeres-Reserve der Bucht von Palma - Mar Blau Brokerage<\/title>\n<meta name=\"robots\" content=\"index, follow, max-snippet:-1, max-image-preview:large, max-video-preview:-1\" \/>\n<link rel=\"canonical\" href=\"https:\/\/mar-blau.com\/de\/meeres-reserve-der-bucht-von-palma\/\" \/>\n<meta property=\"og:locale\" content=\"de_DE\" \/>\n<meta property=\"og:type\" content=\"article\" \/>\n<meta property=\"og:title\" content=\"Meeres-Reserve der Bucht von Palma - Mar Blau Brokerage\" \/>\n<meta property=\"og:description\" content=\"Die Govern de les Balears f\u00f6rderte 1999 die Einrichtung von drei Meeresschutzgebieten und nahm damit ihre Verpflichtungen aus dem Protokoll \u00fcber die besonderen Schutzgebiete und die biologische Vielfalt des Mittelmeers vorweg (BOE Nr. 302, 18. Dezember 1999). Seitdem wird es mit der Beratung der \u00dcberwachungsaussch\u00fcsse von Gremien verwaltet, die sich aus Vertretern der \u00f6ffentlichen Verwaltung, ... Weiterlesen\" \/>\n<meta property=\"og:url\" content=\"https:\/\/mar-blau.com\/de\/meeres-reserve-der-bucht-von-palma\/\" \/>\n<meta property=\"og:site_name\" content=\"Mar Blau Brokerage\" \/>\n<meta property=\"article:publisher\" content=\"https:\/\/www.facebook.com\/Mar-Blau-Brokerage-151966638193109\/?ref=br_rs\" \/>\n<meta property=\"article:published_time\" content=\"2020-03-23T12:53:18+00:00\" \/>\n<meta property=\"article:modified_time\" content=\"2026-02-26T18:34:28+00:00\" \/>\n<meta property=\"og:image\" content=\"https:\/\/mar-blau.com\/wp-content\/uploads\/2026\/02\/RM_Badia_Palma.jpg\" \/>\n\t<meta property=\"og:image:width\" content=\"1674\" \/>\n\t<meta property=\"og:image:height\" content=\"1083\" \/>\n\t<meta property=\"og:image:type\" content=\"image\/jpeg\" \/>\n<meta name=\"author\" content=\"IfcGreDCe5df82d8e2wWWccNJh00n\" \/>\n<meta name=\"twitter:card\" content=\"summary_large_image\" \/>\n<meta name=\"twitter:label1\" content=\"Verfasst von\" \/>\n\t<meta name=\"twitter:data1\" content=\"IfcGreDCe5df82d8e2wWWccNJh00n\" \/>\n\t<meta name=\"twitter:label2\" content=\"Gesch\u00e4tzte Lesezeit\" \/>\n\t<meta name=\"twitter:data2\" content=\"1\u00a0Minute\" \/>\n<script type=\"application\/ld+json\" class=\"yoast-schema-graph\">{\"@context\":\"https:\\\/\\\/schema.org\",\"@graph\":[{\"@type\":\"Article\",\"@id\":\"https:\\\/\\\/mar-blau.com\\\/de\\\/meeres-reserve-der-bucht-von-palma\\\/#article\",\"isPartOf\":{\"@id\":\"https:\\\/\\\/mar-blau.com\\\/de\\\/meeres-reserve-der-bucht-von-palma\\\/\"},\"author\":{\"name\":\"IfcGreDCe5df82d8e2wWWccNJh00n\",\"@id\":\"https:\\\/\\\/mar-blau.com\\\/#\\\/schema\\\/person\\\/83a8f9c12053d04a4bea70574248b59d\"},\"headline\":\"Meeres-Reserve der Bucht von Palma\",\"datePublished\":\"2020-03-23T12:53:18+00:00\",\"dateModified\":\"2026-02-26T18:34:28+00:00\",\"mainEntityOfPage\":{\"@id\":\"https:\\\/\\\/mar-blau.com\\\/de\\\/meeres-reserve-der-bucht-von-palma\\\/\"},\"wordCount\":87,\"publisher\":{\"@id\":\"https:\\\/\\\/mar-blau.com\\\/#organization\"},\"image\":{\"@id\":\"https:\\\/\\\/mar-blau.com\\\/de\\\/meeres-reserve-der-bucht-von-palma\\\/#primaryimage\"},\"thumbnailUrl\":\"https:\\\/\\\/mar-blau.com\\\/wp-content\\\/uploads\\\/2026\\\/02\\\/RM_Badia_Palma.jpg\",\"articleSection\":[\"Nicht kategorisiert\"],\"inLanguage\":\"de\"},{\"@type\":\"WebPage\",\"@id\":\"https:\\\/\\\/mar-blau.com\\\/de\\\/meeres-reserve-der-bucht-von-palma\\\/\",\"url\":\"https:\\\/\\\/mar-blau.com\\\/de\\\/meeres-reserve-der-bucht-von-palma\\\/\",\"name\":\"Meeres-Reserve der Bucht von Palma - Mar Blau Brokerage\",\"isPartOf\":{\"@id\":\"https:\\\/\\\/mar-blau.com\\\/#website\"},\"primaryImageOfPage\":{\"@id\":\"https:\\\/\\\/mar-blau.com\\\/de\\\/meeres-reserve-der-bucht-von-palma\\\/#primaryimage\"},\"image\":{\"@id\":\"https:\\\/\\\/mar-blau.com\\\/de\\\/meeres-reserve-der-bucht-von-palma\\\/#primaryimage\"},\"thumbnailUrl\":\"https:\\\/\\\/mar-blau.com\\\/wp-content\\\/uploads\\\/2026\\\/02\\\/RM_Badia_Palma.jpg\",\"datePublished\":\"2020-03-23T12:53:18+00:00\",\"dateModified\":\"2026-02-26T18:34:28+00:00\",\"breadcrumb\":{\"@id\":\"https:\\\/\\\/mar-blau.com\\\/de\\\/meeres-reserve-der-bucht-von-palma\\\/#breadcrumb\"},\"inLanguage\":\"de\",\"potentialAction\":[{\"@type\":\"ReadAction\",\"target\":[\"https:\\\/\\\/mar-blau.com\\\/de\\\/meeres-reserve-der-bucht-von-palma\\\/\"]}]},{\"@type\":\"ImageObject\",\"inLanguage\":\"de\",\"@id\":\"https:\\\/\\\/mar-blau.com\\\/de\\\/meeres-reserve-der-bucht-von-palma\\\/#primaryimage\",\"url\":\"https:\\\/\\\/mar-blau.com\\\/wp-content\\\/uploads\\\/2026\\\/02\\\/RM_Badia_Palma.jpg\",\"contentUrl\":\"https:\\\/\\\/mar-blau.com\\\/wp-content\\\/uploads\\\/2026\\\/02\\\/RM_Badia_Palma.jpg\",\"width\":1674,\"height\":1083},{\"@type\":\"BreadcrumbList\",\"@id\":\"https:\\\/\\\/mar-blau.com\\\/de\\\/meeres-reserve-der-bucht-von-palma\\\/#breadcrumb\",\"itemListElement\":[{\"@type\":\"ListItem\",\"position\":1,\"name\":\"Portada\",\"item\":\"https:\\\/\\\/mar-blau.com\\\/de\\\/\"},{\"@type\":\"ListItem\",\"position\":2,\"name\":\"Meeres-Reserve der Bucht von Palma\"}]},{\"@type\":\"WebSite\",\"@id\":\"https:\\\/\\\/mar-blau.com\\\/#website\",\"url\":\"https:\\\/\\\/mar-blau.com\\\/\",\"name\":\"Mar Blau\",\"description\":\"International Yacht Brokerage\",\"publisher\":{\"@id\":\"https:\\\/\\\/mar-blau.com\\\/#organization\"},\"potentialAction\":[{\"@type\":\"SearchAction\",\"target\":{\"@type\":\"EntryPoint\",\"urlTemplate\":\"https:\\\/\\\/mar-blau.com\\\/?s={search_term_string}\"},\"query-input\":{\"@type\":\"PropertyValueSpecification\",\"valueRequired\":true,\"valueName\":\"search_term_string\"}}],\"inLanguage\":\"de\"},{\"@type\":\"Organization\",\"@id\":\"https:\\\/\\\/mar-blau.com\\\/#organization\",\"name\":\"Mar Blau\",\"url\":\"https:\\\/\\\/mar-blau.com\\\/\",\"logo\":{\"@type\":\"ImageObject\",\"inLanguage\":\"de\",\"@id\":\"https:\\\/\\\/mar-blau.com\\\/#\\\/schema\\\/logo\\\/image\\\/\",\"url\":\"https:\\\/\\\/mar-blau.com\\\/wp-content\\\/uploads\\\/2025\\\/09\\\/logotipo-mar-blau.png\",\"contentUrl\":\"https:\\\/\\\/mar-blau.com\\\/wp-content\\\/uploads\\\/2025\\\/09\\\/logotipo-mar-blau.png\",\"width\":500,\"height\":212,\"caption\":\"Mar Blau\"},\"image\":{\"@id\":\"https:\\\/\\\/mar-blau.com\\\/#\\\/schema\\\/logo\\\/image\\\/\"},\"sameAs\":[\"https:\\\/\\\/www.facebook.com\\\/Mar-Blau-Brokerage-151966638193109\\\/?ref=br_rs\"]},{\"@type\":\"Person\",\"@id\":\"https:\\\/\\\/mar-blau.com\\\/#\\\/schema\\\/person\\\/83a8f9c12053d04a4bea70574248b59d\",\"name\":\"IfcGreDCe5df82d8e2wWWccNJh00n\",\"image\":{\"@type\":\"ImageObject\",\"inLanguage\":\"de\",\"@id\":\"https:\\\/\\\/secure.gravatar.com\\\/avatar\\\/98001305af6e953c3f00828ef35e4a080e6c6efbc361e4a94b78e07042ae283a?s=96&d=mm&r=g\",\"url\":\"https:\\\/\\\/secure.gravatar.com\\\/avatar\\\/98001305af6e953c3f00828ef35e4a080e6c6efbc361e4a94b78e07042ae283a?s=96&d=mm&r=g\",\"contentUrl\":\"https:\\\/\\\/secure.gravatar.com\\\/avatar\\\/98001305af6e953c3f00828ef35e4a080e6c6efbc361e4a94b78e07042ae283a?s=96&d=mm&r=g\",\"caption\":\"IfcGreDCe5df82d8e2wWWccNJh00n\"},\"sameAs\":[\"https:\\\/\\\/apmdemosweb.com.es\\\/marblau\"]}]}<\/script>\n<!-- \/ Yoast SEO plugin. -->","yoast_head_json":{"title":"Meeres-Reserve der Bucht von Palma - Mar Blau Brokerage","robots":{"index":"index","follow":"follow","max-snippet":"max-snippet:-1","max-image-preview":"max-image-preview:large","max-video-preview":"max-video-preview:-1"},"canonical":"https:\/\/mar-blau.com\/de\/meeres-reserve-der-bucht-von-palma\/","og_locale":"de_DE","og_type":"article","og_title":"Meeres-Reserve der Bucht von Palma - Mar Blau Brokerage","og_description":"Die Govern de les Balears f\u00f6rderte 1999 die Einrichtung von drei Meeresschutzgebieten und nahm damit ihre Verpflichtungen aus dem Protokoll \u00fcber die besonderen Schutzgebiete und die biologische Vielfalt des Mittelmeers vorweg (BOE Nr. 302, 18. Dezember 1999). Seitdem wird es mit der Beratung der \u00dcberwachungsaussch\u00fcsse von Gremien verwaltet, die sich aus Vertretern der \u00f6ffentlichen Verwaltung, ... Weiterlesen","og_url":"https:\/\/mar-blau.com\/de\/meeres-reserve-der-bucht-von-palma\/","og_site_name":"Mar Blau Brokerage","article_publisher":"https:\/\/www.facebook.com\/Mar-Blau-Brokerage-151966638193109\/?ref=br_rs","article_published_time":"2020-03-23T12:53:18+00:00","article_modified_time":"2026-02-26T18:34:28+00:00","og_image":[{"width":1674,"height":1083,"url":"https:\/\/mar-blau.com\/wp-content\/uploads\/2026\/02\/RM_Badia_Palma.jpg","type":"image\/jpeg"}],"author":"IfcGreDCe5df82d8e2wWWccNJh00n","twitter_card":"summary_large_image","twitter_misc":{"Verfasst von":"IfcGreDCe5df82d8e2wWWccNJh00n","Gesch\u00e4tzte Lesezeit":"1\u00a0Minute"},"schema":{"@context":"https:\/\/schema.org","@graph":[{"@type":"Article","@id":"https:\/\/mar-blau.com\/de\/meeres-reserve-der-bucht-von-palma\/#article","isPartOf":{"@id":"https:\/\/mar-blau.com\/de\/meeres-reserve-der-bucht-von-palma\/"},"author":{"name":"IfcGreDCe5df82d8e2wWWccNJh00n","@id":"https:\/\/mar-blau.com\/#\/schema\/person\/83a8f9c12053d04a4bea70574248b59d"},"headline":"Meeres-Reserve der Bucht von Palma","datePublished":"2020-03-23T12:53:18+00:00","dateModified":"2026-02-26T18:34:28+00:00","mainEntityOfPage":{"@id":"https:\/\/mar-blau.com\/de\/meeres-reserve-der-bucht-von-palma\/"},"wordCount":87,"publisher":{"@id":"https:\/\/mar-blau.com\/#organization"},"image":{"@id":"https:\/\/mar-blau.com\/de\/meeres-reserve-der-bucht-von-palma\/#primaryimage"},"thumbnailUrl":"https:\/\/mar-blau.com\/wp-content\/uploads\/2026\/02\/RM_Badia_Palma.jpg","articleSection":["Nicht kategorisiert"],"inLanguage":"de"},{"@type":"WebPage","@id":"https:\/\/mar-blau.com\/de\/meeres-reserve-der-bucht-von-palma\/","url":"https:\/\/mar-blau.com\/de\/meeres-reserve-der-bucht-von-palma\/","name":"Meeres-Reserve der Bucht von Palma - Mar Blau Brokerage","isPartOf":{"@id":"https:\/\/mar-blau.com\/#website"},"primaryImageOfPage":{"@id":"https:\/\/mar-blau.com\/de\/meeres-reserve-der-bucht-von-palma\/#primaryimage"},"image":{"@id":"https:\/\/mar-blau.com\/de\/meeres-reserve-der-bucht-von-palma\/#primaryimage"},"thumbnailUrl":"https:\/\/mar-blau.com\/wp-content\/uploads\/2026\/02\/RM_Badia_Palma.jpg","datePublished":"2020-03-23T12:53:18+00:00","dateModified":"2026-02-26T18:34:28+00:00","breadcrumb":{"@id":"https:\/\/mar-blau.com\/de\/meeres-reserve-der-bucht-von-palma\/#breadcrumb"},"inLanguage":"de","potentialAction":[{"@type":"ReadAction","target":["https:\/\/mar-blau.com\/de\/meeres-reserve-der-bucht-von-palma\/"]}]},{"@type":"ImageObject","inLanguage":"de","@id":"https:\/\/mar-blau.com\/de\/meeres-reserve-der-bucht-von-palma\/#primaryimage","url":"https:\/\/mar-blau.com\/wp-content\/uploads\/2026\/02\/RM_Badia_Palma.jpg","contentUrl":"https:\/\/mar-blau.com\/wp-content\/uploads\/2026\/02\/RM_Badia_Palma.jpg","width":1674,"height":1083},{"@type":"BreadcrumbList","@id":"https:\/\/mar-blau.com\/de\/meeres-reserve-der-bucht-von-palma\/#breadcrumb","itemListElement":[{"@type":"ListItem","position":1,"name":"Portada","item":"https:\/\/mar-blau.com\/de\/"},{"@type":"ListItem","position":2,"name":"Meeres-Reserve der Bucht von Palma"}]},{"@type":"WebSite","@id":"https:\/\/mar-blau.com\/#website","url":"https:\/\/mar-blau.com\/","name":"Mar Blau","description":"International Yacht Brokerage","publisher":{"@id":"https:\/\/mar-blau.com\/#organization"},"potentialAction":[{"@type":"SearchAction","target":{"@type":"EntryPoint","urlTemplate":"https:\/\/mar-blau.com\/?s={search_term_string}"},"query-input":{"@type":"PropertyValueSpecification","valueRequired":true,"valueName":"search_term_string"}}],"inLanguage":"de"},{"@type":"Organization","@id":"https:\/\/mar-blau.com\/#organization","name":"Mar Blau","url":"https:\/\/mar-blau.com\/","logo":{"@type":"ImageObject","inLanguage":"de","@id":"https:\/\/mar-blau.com\/#\/schema\/logo\/image\/","url":"https:\/\/mar-blau.com\/wp-content\/uploads\/2025\/09\/logotipo-mar-blau.png","contentUrl":"https:\/\/mar-blau.com\/wp-content\/uploads\/2025\/09\/logotipo-mar-blau.png","width":500,"height":212,"caption":"Mar Blau"},"image":{"@id":"https:\/\/mar-blau.com\/#\/schema\/logo\/image\/"},"sameAs":["https:\/\/www.facebook.com\/Mar-Blau-Brokerage-151966638193109\/?ref=br_rs"]},{"@type":"Person","@id":"https:\/\/mar-blau.com\/#\/schema\/person\/83a8f9c12053d04a4bea70574248b59d","name":"IfcGreDCe5df82d8e2wWWccNJh00n","image":{"@type":"ImageObject","inLanguage":"de","@id":"https:\/\/secure.gravatar.com\/avatar\/98001305af6e953c3f00828ef35e4a080e6c6efbc361e4a94b78e07042ae283a?s=96&d=mm&r=g","url":"https:\/\/secure.gravatar.com\/avatar\/98001305af6e953c3f00828ef35e4a080e6c6efbc361e4a94b78e07042ae283a?s=96&d=mm&r=g","contentUrl":"https:\/\/secure.gravatar.com\/avatar\/98001305af6e953c3f00828ef35e4a080e6c6efbc361e4a94b78e07042ae283a?s=96&d=mm&r=g","caption":"IfcGreDCe5df82d8e2wWWccNJh00n"},"sameAs":["https:\/\/apmdemosweb.com.es\/marblau"]}]}},"jetpack_publicize_connections":[],"_links":{"self":[{"href":"https:\/\/mar-blau.com\/de\/wp-json\/wp\/v2\/posts\/2588","targetHints":{"allow":["GET"]}}],"collection":[{"href":"https:\/\/mar-blau.com\/de\/wp-json\/wp\/v2\/posts"}],"about":[{"href":"https:\/\/mar-blau.com\/de\/wp-json\/wp\/v2\/types\/post"}],"author":[{"embeddable":true,"href":"https:\/\/mar-blau.com\/de\/wp-json\/wp\/v2\/users\/1"}],"replies":[{"embeddable":true,"href":"https:\/\/mar-blau.com\/de\/wp-json\/wp\/v2\/comments?post=2588"}],"version-history":[{"count":1,"href":"https:\/\/mar-blau.com\/de\/wp-json\/wp\/v2\/posts\/2588\/revisions"}],"predecessor-version":[{"id":2590,"href":"https:\/\/mar-blau.com\/de\/wp-json\/wp\/v2\/posts\/2588\/revisions\/2590"}],"wp:featuredmedia":[{"embeddable":true,"href":"https:\/\/mar-blau.com\/de\/wp-json\/wp\/v2\/media\/2585"}],"wp:attachment":[{"href":"https:\/\/mar-blau.com\/de\/wp-json\/wp\/v2\/media?parent=2588"}],"wp:term":[{"taxonomy":"category","embeddable":true,"href":"https:\/\/mar-blau.com\/de\/wp-json\/wp\/v2\/categories?post=2588"},{"taxonomy":"post_tag","embeddable":true,"href":"https:\/\/mar-blau.com\/de\/wp-json\/wp\/v2\/tags?post=2588"}],"curies":[{"name":"wp","href":"https:\/\/api.w.org\/{rel}","templated":true}]}}